{"id":10725,"date":"2026-05-01T10:27:24","date_gmt":"2026-05-01T14:27:24","guid":{"rendered":"https:\/\/aktiengurus.com\/?p=10725"},"modified":"2026-05-01T10:27:27","modified_gmt":"2026-05-01T14:27:27","slug":"eu-schreibt-die-blickkontrolle-im-auto-vor","status":"publish","type":"post","link":"https:\/\/aktiengurus.com\/?p=10725","title":{"rendered":"EU schreibt die Blickkontrolle im Auto vor"},"content":{"rendered":"\n<h2 class=\"wp-block-heading\"><strong>Ab Juli \u00fcberwachen Neuwagen die Augen des Fahrers<\/strong><\/h2>\n\n\n\n<p>Ab <strong>Juli<\/strong> gilt in der Europ\u00e4ischen Union eine neue Pflicht f\u00fcr alle neu zugelassenen Fahrzeuge: Der Blick des Fahrers wird im Innenraum per Kamera erfasst. Das betrifft nicht nur <strong>Pkw<\/strong>, sondern auch <strong>kleinere Busse<\/strong>, <strong>Linienbusse<\/strong> sowie <strong>G\u00fcterfahrzeuge<\/strong> von <strong>3,5 Tonnen<\/strong> bis \u00fcber <strong>12 Tonnen<\/strong>. Damit h\u00e4lt eine Technik fl\u00e4chendeckend Einzug, die den Fahrer nicht mehr nur indirekt unterst\u00fctzt, sondern ihn fortlaufend beobachtet und bewertet.<\/p>\n\n\n\n<p>Die Fahrzeuge sollen k\u00fcnftig im Sekundentakt registrieren, wohin der Fahrer schaut. Sobald der Blick aus Sicht des Systems zu lange von der Stra\u00dfe weggeht, muss das Auto warnen. Vorgesehen sind ein <strong>akustisches Signal<\/strong> und eine <strong>optische Anzeige<\/strong>. F\u00fcr viele Autofahrer ist das ein erheblicher Einschnitt, weil sich damit das Verh\u00e4ltnis zwischen Mensch und Maschine im Fahrzeug sp\u00fcrbar ver\u00e4ndert. Das Auto f\u00e4hrt nicht mehr nur mit, es passt zunehmend auf.<\/p>\n\n\n\n<h2 class=\"wp-block-heading\"><strong>Die Pflicht beruht auf einer EU-Regel von 2019<\/strong><\/h2>\n\n\n\n<p>Die rechtliche Grundlage f\u00fcr diese neue \u00dcberwachung ist die <strong>EU-Verordnung 2019\/2144<\/strong>, die bereits seit <strong>2019<\/strong> besteht. Sie schreibt vor, dass neue Fahrzeugtypen nicht mehr ohne sogenannte <strong>hochentwickelte Warnsysteme bei nachlassender Konzentration des Fahrers<\/strong> zugelassen werden d\u00fcrfen. Damit wurde schon vor Jahren festgelegt, dass moderne Fahrzeuge mit Technik ausger\u00fcstet sein m\u00fcssen, die Unaufmerksamkeit oder Ablenkung erkennt.<\/p>\n\n\n\n<p>Entscheidend ist, dass diese Systeme nicht freiwillig eingebaut werden, sondern zur Zulassung geh\u00f6ren. Hersteller haben also keinen Spielraum, ob sie solche Technik anbieten wollen oder nicht. Wer neue Modelle in der EU auf den Markt bringen will, muss sie integrieren. Genau dadurch wird aus einer technischen M\u00f6glichkeit eine allgemeine Pflicht.<\/p>\n\n\n\n<h2 class=\"wp-block-heading\"><strong>Seit 2023 ist geregelt, wie die Kontrolle funktioniert<\/strong><\/h2>\n\n\n\n<p>Erst ein <strong>delegierter Rechtsakt<\/strong> aus dem Jahr <strong>2023<\/strong> machte die Vorgaben konkret. Darin legte die EU-Kommission fest, wie die Systeme technisch arbeiten sollen. Seitdem ist klar: Die Augenbewegungen der Fahrer m\u00fcssen <strong>dauerhaft gemessen<\/strong> werden. Das System muss sowohl <strong>am Tag<\/strong> als auch <strong>bei Nacht<\/strong> funktionieren. Aktiv werden muss es bereits ab <strong>20 Kilometern pro Stunde<\/strong>.<\/p>\n\n\n\n<p>Gerade diese Details machen deutlich, wie engmaschig die Kontrolle ausfallen soll. Es geht nicht um punktuelle Pr\u00fcfungen, sondern um eine laufende Beobachtung w\u00e4hrend der Fahrt. Das Fahrzeug soll st\u00e4ndig einsch\u00e4tzen, ob der Fahrer noch ausreichend aufmerksam ist oder zu lange in eine kritische Richtung schaut.<\/p>\n\n\n\n<h2 class=\"wp-block-heading\"><strong>Der Sichtbereich wird in drei Zonen eingeteilt<\/strong><\/h2>\n\n\n\n<p>Um diese Bewertung technisch m\u00f6glich zu machen, hat die EU den Blickraum des Fahrers in <strong>drei Bereiche<\/strong> aufgeteilt. Diese Einteilung entscheidet dar\u00fcber, wann das Auto schweigt und wann es Alarm gibt.<\/p>\n\n\n\n<p><strong>Bereich 2<\/strong> umfasst die <strong>Windschutzscheibe<\/strong> sowie die <strong>Seitenfenster<\/strong>. Dieser Bereich gilt als normal und unbedenklich. Wer also nach vorn oder seitlich auf den Verkehr blickt, l\u00f6st keine Reaktion aus.<\/p>\n\n\n\n<p><strong>Bereich 1<\/strong> beschreibt die Fl\u00e4chen oberhalb des Fensters, also etwa die Richtung zum <strong>Dach<\/strong> oder zur <strong>Sonnenblende<\/strong>. Auch Winkel von <strong>55 Grad links und rechts<\/strong> vom eigentlichen Blickpunkt z\u00e4hlen dazu. Diese Zone gilt ebenfalls nicht als kritisch.<\/p>\n\n\n\n<p>Heikel ist <strong>Bereich 3<\/strong>. Dieser Bereich wird als Zone beschrieben, die vom <strong>Augenbezugspunkt des Fahrers 30 Grad nach unten<\/strong> verl\u00e4uft. Genau dort vermutet das System Ablenkung. Wer also zu lange auf Mittelkonsole, Handy, Ablage oder Bedienelemente schaut, ger\u00e4t in den problematischen Bereich.<\/p>\n\n\n\n<h2 class=\"wp-block-heading\"><strong>Schon wenige Sekunden reichen f\u00fcr einen Alarm<\/strong><\/h2>\n\n\n\n<p>Wie sensibel diese Technik eingestellt ist, zeigen die festgelegten Grenzwerte. Bei einer Geschwindigkeit von mehr als <strong>50 km\/h<\/strong> muss ein Warnsignal ausgel\u00f6st werden, wenn der Blick l\u00e4nger als <strong>3,5 Sekunden<\/strong> in Bereich 3 bleibt. Das bedeutet: Bereits wenige Sekunden falscher Blickrichtung gen\u00fcgen, damit das Fahrzeug optisch und akustisch reagiert.<\/p>\n\n\n\n<p>Aber auch bei niedrigerem Tempo bleibt das System aktiv. Schon ab <strong>20 km\/h<\/strong> greift die Regel. Verweilt der Blick dann l\u00e4nger als <strong>sechs Sekunden<\/strong> in der unteren Zone, wird ebenfalls Alarm ausgel\u00f6st. Diese Schwellen sind deutlich. Es braucht also keinen offensichtlichen Sekundenschlaf und auch keine extreme Ablenkung. Schon relativ kurze Phasen nach unten gerichteter Aufmerksamkeit k\u00f6nnen reichen.<\/p>\n\n\n\n<h2 class=\"wp-block-heading\"><strong>Das Auto soll nicht speichern, aber es beobachtet<\/strong><\/h2>\n\n\n\n<p>Offiziell betont die EU, dass die Systeme <strong>keine biometrischen Daten speichern<\/strong> und <strong>keine Daten an Dritte weitergeben<\/strong> sollen. Damit soll der Eindruck vermieden werden, es handle sich um ein umfassendes \u00dcberwachungsinstrument mit langfristiger Datenspur. Dennoch bleibt der Eingriff real.<\/p>\n\n\n\n<p>Denn auch ohne dauerhafte Speicherung ver\u00e4ndert sich der Charakter des Fahrens. Das Auto beobachtet den Fahrer fortlaufend, bewertet seine Blickrichtung und greift ein, wenn sein Verhalten nicht zur programmierten Norm passt. F\u00fcr viele Menschen ist gerade das der entscheidende Punkt. Der Innenraum des Autos war lange ein Bereich, in dem der Fahrer selbst entschied. Nun sitzt dort ein System mit, das Aufmerksamkeit misst und Fehlverhalten meldet.<\/p>\n\n\n\n<h2 class=\"wp-block-heading\"><strong>Die EU greift schon l\u00e4nger st\u00e4rker ins Fahren ein<\/strong><\/h2>\n\n\n\n<p>Die neue Blickkontrolle steht nicht f\u00fcr sich allein. Bereits seit <strong>2024<\/strong> gilt aufgrund derselben Verordnung, dass Fahrzeuge bei einer \u00dcberschreitung des Tempolimits schon ab <strong>einem Kilometer pro Stunde<\/strong> ein Warnsignal ausl\u00f6sen m\u00fcssen. Auch der <strong>Spurhalteassistent<\/strong> wurde durch dieselbe Regulierungslogik weiter verbreitet.<\/p>\n\n\n\n<p>Das zeigt, wie konsequent die EU den Fahrzeugraum umgestaltet. Moderne Autos sollen nicht mehr nur transportieren, sondern ihre Fahrer laufend korrigieren, warnen und begrenzen. Mit der Kamera zur Blickerfassung wird diese Entwicklung noch einmal versch\u00e4rft. Nun geht es nicht mehr nur um Geschwindigkeit oder Spurtreue, sondern direkt um das Verhalten des Menschen hinter dem Steuer.<\/p>\n\n\n\n<h2 class=\"wp-block-heading\"><strong>Der Fahrer bleibt am Steuer, aber nicht mehr unbeobachtet<\/strong><\/h2>\n\n\n\n<p>Die neue Regelung steht deshalb f\u00fcr einen tiefen Wandel. Formal bleibt der Fahrer verantwortlich. Praktisch sitzt er jedoch in einem Fahrzeug, das immer st\u00e4rker mitdenkt, mitmisst und mitreagiert. Das Auto wird damit vom Fortbewegungsmittel immer mehr zum elektronischen Aufpasser.Bef\u00fcrworter sehen darin einen Schritt zu mehr Verkehrssicherheit. Kritiker d\u00fcrften fragen, ob damit nicht erneut ein St\u00fcck Eigenverantwortung durch technische Kontrolle ersetzt wird. Klar ist bereits jetzt: Ab <strong>Juli<\/strong> beginnt in allen neu zugelassenen Fahrzeugen in der EU eine neue Form der Beobachtung. Sie ist leise, technisch und gesetzlich vorgeschrieben. Aber sie ver\u00e4ndert sp\u00fcrbar, wie Autofahren k\u00fcnftig funktioniert.<\/p>\n","protected":false},"excerpt":{"rendered":"<p>Ab Juli \u00fcberwachen Neuwagen die Augen des Fahrers Ab Juli gilt in der Europ\u00e4ischen Union eine neue Pflicht f\u00fcr alle neu zugelassenen Fahrzeuge: Der Blick des Fahrers wird im Innenraum per Kamera erfasst. Das betrifft nicht nur Pkw, sondern auch kleinere Busse, Linienbusse sowie G\u00fcterfahrzeuge von 3,5 Tonnen bis \u00fcber 12 Tonnen. Damit h\u00e4lt eine [&hellip;]<\/p>\n","protected":false},"author":2,"featured_media":10726,"comment_status":"closed","ping_status":"closed","sticky":false,"template":"","format":"standard","meta":{"footnotes":""},"categories":[4824,312],"tags":[5104,5101,794,605,2713,5107,5109,5108,5100,2515,5102,5106,5105,5103],"class_list":["post-10725","post","type-post","status-publish","format-standard","has-post-thumbnail","hentry","category-leben","category-technik","tag-ablenkungswarnung","tag-augenbewegungen","tag-busse","tag-datenschutz","tag-eu-verordnung","tag-fahrassistenzsysteme","tag-fahrerueberwachung","tag-kamera-im-auto","tag-neuwagen","tag-nutzfahrzeuge","tag-pkw","tag-spurhalteassistent","tag-tempowarner","tag-verkehrssicherheit"],"_links":{"self":[{"href":"https:\/\/aktiengurus.com\/index.php?rest_route=\/wp\/v2\/posts\/10725"}],"collection":[{"href":"https:\/\/aktiengurus.com\/index.php?rest_route=\/wp\/v2\/posts"}],"about":[{"href":"https:\/\/aktiengurus.com\/index.php?rest_route=\/wp\/v2\/types\/post"}],"author":[{"embeddable":true,"href":"https:\/\/aktiengurus.com\/index.php?rest_route=\/wp\/v2\/users\/2"}],"replies":[{"embeddable":true,"href":"https:\/\/aktiengurus.com\/index.php?rest_route=%2Fwp%2Fv2%2Fcomments&post=10725"}],"version-history":[{"count":1,"href":"https:\/\/aktiengurus.com\/index.php?rest_route=\/wp\/v2\/posts\/10725\/revisions"}],"predecessor-version":[{"id":10727,"href":"https:\/\/aktiengurus.com\/index.php?rest_route=\/wp\/v2\/posts\/10725\/revisions\/10727"}],"wp:featuredmedia":[{"embeddable":true,"href":"https:\/\/aktiengurus.com\/index.php?rest_route=\/wp\/v2\/media\/10726"}],"wp:attachment":[{"href":"https:\/\/aktiengurus.com\/index.php?rest_route=%2Fwp%2Fv2%2Fmedia&parent=10725"}],"wp:term":[{"taxonomy":"category","embeddable":true,"href":"https:\/\/aktiengurus.com\/index.php?rest_route=%2Fwp%2Fv2%2Fcategories&post=10725"},{"taxonomy":"post_tag","embeddable":true,"href":"https:\/\/aktiengurus.com\/index.php?rest_route=%2Fwp%2Fv2%2Ftags&post=10725"}],"curies":[{"name":"wp","href":"https:\/\/api.w.org\/{rel}","templated":true}]}}