{"id":10722,"date":"2026-04-30T10:14:58","date_gmt":"2026-04-30T14:14:58","guid":{"rendered":"https:\/\/aktiengurus.com\/?p=10722"},"modified":"2026-04-30T10:14:59","modified_gmt":"2026-04-30T14:14:59","slug":"belgien-stoppt-den-atomausstieg","status":"publish","type":"post","link":"https:\/\/aktiengurus.com\/?p=10722","title":{"rendered":"Belgien stoppt den Atomausstieg"},"content":{"rendered":"\n<h2 class=\"wp-block-heading\"><strong>Br\u00fcssel zieht beim R\u00fcckbau die Notbremse<\/strong><\/h2>\n\n\n\n<p>Belgien vollzieht in seiner Energiepolitik eine bemerkenswerte Kehrtwende. Die Regierung hat den <strong>R\u00fcckbau aller Atomkraftanlagen<\/strong> im Land gestoppt und zugleich <strong>Verhandlungen \u00fcber eine Verstaatlichung<\/strong> der Anlagen eingeleitet. Ministerpr\u00e4sident <strong>Bart De Wever<\/strong> begr\u00fcndete diesen Schritt mit dem Ziel, auf <strong>\u201esichere, bezahlbare und nachhaltige Energie\u201c<\/strong> zu setzen. Gleichzeitig solle die Abh\u00e4ngigkeit von <strong>\u201efossilen Importen\u201c<\/strong> sinken und die Kontrolle \u00fcber die eigene Versorgung wachsen.<\/p>\n\n\n\n<p>Damit entscheidet sich Belgien f\u00fcr einen Kurs, der in Europa politisch und wirtschaftlich erhebliche Wirkung entfalten d\u00fcrfte. W\u00e4hrend andere Staaten an alten Ausstiegspl\u00e4nen festhalten oder \u00fcber neue Technologien nur vorsichtig sprechen, h\u00e4lt Br\u00fcssel nun nicht mehr am schrittweisen R\u00fcckzug fest, sondern \u00f6ffnet den Weg f\u00fcr eine dauerhafte oder sogar ausgeweitete Nutzung der Kernenergie.<\/p>\n\n\n\n<h2 class=\"wp-block-heading\"><strong>Zwei Standorte, sieben Reaktoren, gro\u00dfe Tragweite<\/strong><\/h2>\n\n\n\n<p>Derzeit sind in Belgien noch <strong>zwei Atomkraftwerke<\/strong> in Betrieb: <strong>Doel<\/strong> unweit von Antwerpen und <strong>Tihange<\/strong> nahe L\u00fcttich, nur rund <strong>60 Kilometer von Aachen<\/strong> entfernt. Doch der Vorgang betrifft nicht nur diese beiden aktiven Standorte. Nach den jetzigen Pl\u00e4nen geht es um den gesamten belgischen Kernkraftwerkspark mit <strong>sieben Reaktoren<\/strong>, dazu um das betroffene Personal, nukleare Tochtergesellschaften sowie um Verm\u00f6genswerte und Verbindlichkeiten einschlie\u00dflich der Verpflichtungen f\u00fcr Stilllegung und R\u00fcckbau.<\/p>\n\n\n\n<p>Gerade diese Gr\u00f6\u00dfenordnung zeigt, dass es sich nicht um eine kleine Korrektur handelt. Belgien friert nicht nur einzelne Abrissarbeiten ein, sondern h\u00e4lt bewusst alle Optionen offen. Der Staat pr\u00fcft, ob er die volle Verantwortung f\u00fcr die nukleare Infrastruktur \u00fcbernimmt. Das ist ein massiver politischer Schritt, weil damit Versorgungssicherheit, Industriepolitik und Staatsintervention direkt miteinander verkn\u00fcpft werden.<\/p>\n\n\n\n<h2 class=\"wp-block-heading\"><strong>Belgien will mehr als nur Zeit gewinnen<\/strong><\/h2>\n\n\n\n<p>Offiziell soll mit dem Stopp des R\u00fcckbaus verhindert werden, dass voreilig Fakten geschaffen werden. Regierung und der bisherige Betreiber <strong>Engie<\/strong> wollen bis zum <strong>1. Oktober<\/strong> beziehungsweise bis Anfang Oktober die Rahmenbedingungen f\u00fcr eine detaillierte Vereinbarung festlegen. Doch dahinter steckt mehr als blo\u00dfes Abwarten.<\/p>\n\n\n\n<p>In der gemeinsamen Linie von Staat und Betreiber ist von einem <strong>\u201e\u00f6konomisch tragf\u00e4higen Gesch\u00e4ftsmodell\u201c<\/strong> die Rede. Dieses soll <strong>Versorgungssicherheit<\/strong>, <strong>Belastbarkeit der Industrie<\/strong>, <strong>Wohlstandssicherung<\/strong> und die <strong>Klimaziele<\/strong> miteinander verbinden. Genau das macht die belgische Entscheidung so interessant. Atomkraft wird hier nicht mehr als Altlast behandelt, sondern als m\u00f6glicher Pfeiler einer strategischen Neuordnung der Energieversorgung.<\/p>\n\n\n\n<h2 class=\"wp-block-heading\"><strong>Der Atomausstieg wurde bereits politisch zur\u00fcckgedreht<\/strong><\/h2>\n\n\n\n<p>Die jetzige Entscheidung f\u00e4llt nicht aus dem Nichts. Bereits im <strong>Mai 2025<\/strong> hatte das belgische Parlament die fr\u00fchere Abkehr von der Kernenergie wieder kassiert. Damit wurde der 2003 gesetzlich festgelegte Atomausstieg politisch zur\u00fcckgenommen. Urspr\u00fcnglich sollten die Reaktoren in <strong>Doel<\/strong> und <strong>Tihange<\/strong> bereits im vergangenen Jahr abgeschaltet werden. Nach dem russischen Angriff auf die Ukraine war diese Frist jedoch zun\u00e4chst bis <strong>2035<\/strong> verl\u00e4ngert worden.<\/p>\n\n\n\n<p>Diese Entwicklung zeigt, wie stark sich die energiepolitische Lage in Europa ver\u00e4ndert hat. Was einst als beschlossene Ausstiegsstrategie galt, wird unter dem Druck von Versorgungssorgen, Energiepreisen und geopolitischen Risiken nun St\u00fcck f\u00fcr St\u00fcck zur\u00fcckgebaut. Belgien zieht daraus mittlerweile die radikalste Konsequenz: nicht nur l\u00e4ngere Laufzeiten, sondern auch den m\u00f6glichen staatlichen Einstieg in die Kernkraft.<\/p>\n\n\n\n<h2 class=\"wp-block-heading\"><strong>F\u00fcnf Reaktoren sind bereits stillgelegt<\/strong><\/h2>\n\n\n\n<p>Trotz der neuen Kurswende ist Belgien nicht mehr im alten Zustand einer voll laufenden Nuklearnation. Von den <strong>insgesamt sieben Reaktoren<\/strong> wurden bereits <strong>f\u00fcnf stillgelegt<\/strong>, darunter <strong>drei in Doel<\/strong> und <strong>zwei in Tihange<\/strong>. Zu ihnen geh\u00f6rt auch der besonders umstrittene Reaktor <strong>Tihange 2<\/strong>, der <strong>2023<\/strong> abgeschaltet wurde.<\/p>\n\n\n\n<p>Gerade Tihange war in Deutschland jahrelang ein politischer Dauerbrenner. Nachdem Experten <strong>2012<\/strong> tausende kleine Risse im Reaktordruckbeh\u00e4lter festgestellt hatten, forderten deutsche Politiker, Atomkraftgegner, die Stadt Aachen und auch die Bundesregierung immer wieder eine Stilllegung. Hinzu kamen Diskussionen \u00fcber festgestellte M\u00e4ngel, darunter marode Betonteile. Dass Belgien den R\u00fcckbau nun selbst dieser hochsensiblen Infrastruktur stoppt, verleiht der Debatte eine neue Sch\u00e4rfe.<\/p>\n\n\n\n<h2 class=\"wp-block-heading\"><strong>Engie will raus, der Staat k\u00f6nnte \u00fcbernehmen<\/strong><\/h2>\n\n\n\n<p>Ein weiterer Kernpunkt der Entwicklung ist der geplante R\u00fcckzug des franz\u00f6sischen Betreibers <strong>Engie<\/strong> aus der Atomkraft in Belgien. Das \u00f6ffnet dem belgischen Staat \u00fcberhaupt erst den Raum f\u00fcr eine \u00dcbernahme. Die angestrebte Verstaatlichung w\u00e4re also nicht nur eine ideologische Entscheidung, sondern auch die Antwort auf den geordneten R\u00fcckzug eines privaten Konzerns.<\/p>\n\n\n\n<p>Genau hier verschiebt sich die Logik der Energiepolitik. Wenn ein Staat bereit ist, nicht nur laufende Reaktoren, sondern den gesamten nuklearen Komplex mit Personal, Tochterfirmen und R\u00fcckbaupflichten zu \u00fcbernehmen, dann ist das ein klares Signal. Br\u00fcssel betrachtet Atomkraft nicht mehr als Auslaufmodell, sondern als strategische Infrastruktur, die man notfalls selbst sichern will.<\/p>\n\n\n\n<h2 class=\"wp-block-heading\"><strong>Deutschland steht mit seinem Kurs immer isolierter da<\/strong><\/h2>\n\n\n\n<p>Die belgische Wende f\u00e4llt umso st\u00e4rker ins Auge, weil Deutschland den Atomausstieg bereits im <strong>April 2023<\/strong> mit der Abschaltung der letzten verbliebenen Kraftwerke vollzogen hat. Der Grundsatzbeschluss daf\u00fcr war schon <strong>2011<\/strong> nach der Katastrophe von Fukushima unter einer CDU-gef\u00fchrten Bundesregierung gefasst worden.<\/p>\n\n\n\n<p>W\u00e4hrend Belgien nun R\u00fcckbau stoppt, \u00fcber Verstaatlichung nachdenkt und sogar <strong>neue Kernkraftanlagen<\/strong> plant, hat Deutschland seine letzten Reaktoren bereits abgeschaltet. Dieser Kontrast ist politisch brisant. Denn Belgien argumentiert mit Versorgungssicherheit, bezahlbarer Energie und geringerer Abh\u00e4ngigkeit von fossilen Importen. Genau diese Stichworte treffen einen Nerv in einer Zeit, in der Europa immer wieder von Energiekrisen ersch\u00fcttert wird.<\/p>\n\n\n\n<h2 class=\"wp-block-heading\"><strong>Eine Entscheidung mit Signalwirkung f\u00fcr Europa<\/strong><\/h2>\n\n\n\n<p>Belgien setzt mit seinem neuen Kurs ein deutliches Zeichen. Der Staat will sich mehr Einfluss auf die Energieversorgung sichern, den R\u00fcckbau stoppen, den Ausstieg zur\u00fcckdrehen und die Kernenergie neu in seine wirtschaftliche und industrielle Strategie einbauen. Dabei geht es nicht nur um einzelne Reaktoren, sondern um die Grundfrage, wie ein Land in Zeiten geopolitischer Krisen bezahlbare und verl\u00e4ssliche Energie organisiert.<\/p>\n\n\n\n<p>Die Tragweite dieser Entscheidung reicht deshalb weit \u00fcber Belgien hinaus. Sie zeigt, dass der Atomausstieg in Europa l\u00e4ngst nicht mehr als unumkehrbarer Weg gilt. Im Gegenteil: Unter dem Druck von Preisrisiken, Importabh\u00e4ngigkeit und Sicherheitsfragen kehrt die Kernenergie in manchen Staaten mit Macht in den Mittelpunkt zur\u00fcck.<\/p>\n","protected":false},"excerpt":{"rendered":"<p>Br\u00fcssel zieht beim R\u00fcckbau die Notbremse Belgien vollzieht in seiner Energiepolitik eine bemerkenswerte Kehrtwende. Die Regierung hat den R\u00fcckbau aller Atomkraftanlagen im Land gestoppt und zugleich Verhandlungen \u00fcber eine Verstaatlichung der Anlagen eingeleitet. Ministerpr\u00e4sident Bart De Wever begr\u00fcndete diesen Schritt mit dem Ziel, auf \u201esichere, bezahlbare und nachhaltige Energie\u201c zu setzen. Gleichzeitig solle die Abh\u00e4ngigkeit [&hellip;]<\/p>\n","protected":false},"author":2,"featured_media":10723,"comment_status":"closed","ping_status":"closed","sticky":false,"template":"","format":"standard","meta":{"footnotes":""},"categories":[312,4825],"tags":[5097,5094,1737,5093,333,5098,3896,4690,4651,5099,3899,336,355,3895,5096,5095,371,2769],"class_list":["post-10722","post","type-post","status-publish","format-standard","has-post-thumbnail","hentry","category-technik","category-umwelt","tag-aachen","tag-atomausstieg","tag-atomkraft","tag-bart-de-wever","tag-belgien","tag-doel","tag-energiepolitik","tag-energiesicherheit","tag-engie","tag-fossile-importe","tag-kernkraftwerke","tag-kommentar","tag-meinung","tag-reaktoren","tag-rueckbau","tag-tihange","tag-umwelt","tag-verstaatlichung"],"_links":{"self":[{"href":"https:\/\/aktiengurus.com\/index.php?rest_route=\/wp\/v2\/posts\/10722"}],"collection":[{"href":"https:\/\/aktiengurus.com\/index.php?rest_route=\/wp\/v2\/posts"}],"about":[{"href":"https:\/\/aktiengurus.com\/index.php?rest_route=\/wp\/v2\/types\/post"}],"author":[{"embeddable":true,"href":"https:\/\/aktiengurus.com\/index.php?rest_route=\/wp\/v2\/users\/2"}],"replies":[{"embeddable":true,"href":"https:\/\/aktiengurus.com\/index.php?rest_route=%2Fwp%2Fv2%2Fcomments&post=10722"}],"version-history":[{"count":1,"href":"https:\/\/aktiengurus.com\/index.php?rest_route=\/wp\/v2\/posts\/10722\/revisions"}],"predecessor-version":[{"id":10724,"href":"https:\/\/aktiengurus.com\/index.php?rest_route=\/wp\/v2\/posts\/10722\/revisions\/10724"}],"wp:featuredmedia":[{"embeddable":true,"href":"https:\/\/aktiengurus.com\/index.php?rest_route=\/wp\/v2\/media\/10723"}],"wp:attachment":[{"href":"https:\/\/aktiengurus.com\/index.php?rest_route=%2Fwp%2Fv2%2Fmedia&parent=10722"}],"wp:term":[{"taxonomy":"category","embeddable":true,"href":"https:\/\/aktiengurus.com\/index.php?rest_route=%2Fwp%2Fv2%2Fcategories&post=10722"},{"taxonomy":"post_tag","embeddable":true,"href":"https:\/\/aktiengurus.com\/index.php?rest_route=%2Fwp%2Fv2%2Ftags&post=10722"}],"curies":[{"name":"wp","href":"https:\/\/api.w.org\/{rel}","templated":true}]}}