{"id":10454,"date":"2026-03-18T10:44:38","date_gmt":"2026-03-18T14:44:38","guid":{"rendered":"https:\/\/aktiengurus.com\/?p=10454"},"modified":"2026-03-18T10:44:40","modified_gmt":"2026-03-18T14:44:40","slug":"schuldenfiasko-milliarden-verpuffen-wirkungslos","status":"publish","type":"post","link":"https:\/\/aktiengurus.com\/?p=10454","title":{"rendered":"Schuldenfiasko: Milliarden verpuffen wirkungslos"},"content":{"rendered":"\n<h2 class=\"wp-block-heading\"><strong>Versprechen von Wachstum \u2013 Realit\u00e4t der Zweckentfremdung<\/strong><\/h2>\n\n\n\n<p>Die politische Zusage war eindeutig: Neue Schulden sollten gezielt in <strong>Infrastruktur, Modernisierung und wirtschaftliches Wachstum<\/strong> flie\u00dfen. Doch die tats\u00e4chliche Mittelverwendung zeichnet ein deutlich h\u00e4rteres Bild.<\/p>\n\n\n\n<p>Nach Berechnungen des <strong>ifo-Instituts<\/strong> wurden im Jahr <strong>2025 rund 24,3 Milliarden Euro<\/strong> im Rahmen des Sonderverm\u00f6gens aufgenommen \u2013 tats\u00e4chlich zus\u00e4tzlich investiert wurden jedoch lediglich <strong>1,3 Milliarden Euro<\/strong>.<\/p>\n\n\n\n<p>Das entspricht <strong>unter f\u00fcnf Prozent<\/strong> der Mittel. Der Rest floss nicht in neue Projekte, sondern diente der Stabilisierung bestehender Haushaltsstrukturen.<\/p>\n\n\n\n<p>ifo-Pr\u00e4sident <strong>Clemens Fuest<\/strong> bringt es auf den Punkt:<br><strong>\u201eDie Mittel wurden nahezu vollst\u00e4ndig f\u00fcr andere Zwecke genutzt \u2013 das ist ein gro\u00dfes Problem.\u201c<\/strong><\/p>\n\n\n\n<p>Damit steht der zentrale Vorwurf im Raum: Es handelt sich nicht um Investitionspolitik, sondern um eine systematische Umleitung von Schulden zur Kaschierung struktureller Defizite.<\/p>\n\n\n\n<h2 class=\"wp-block-heading\"><strong>Ein gigantischer Verschiebebahnhof<\/strong><\/h2>\n\n\n\n<p>Die Mechanik hinter dieser Entwicklung ist klar erkennbar. W\u00e4hrend zus\u00e4tzliche Schulden aufgenommen wurden, senkte der Staat parallel seine Investitionen im Kernhaushalt.<\/p>\n\n\n\n<p>Die Folge: Ausgaben wurden verlagert, nicht erh\u00f6ht. Was als Investition verkauft wurde, entpuppt sich bei genauer Betrachtung als <strong>reine Umbuchung innerhalb des Systems<\/strong>.<\/p>\n\n\n\n<p>\u00d6konomisch bedeutet das: <strong>Kein zus\u00e4tzlicher Wachstumsimpuls<\/strong>, keine nachhaltige Verbesserung der Infrastruktur, kein realer Fortschritt.<\/p>\n\n\n\n<p>Die Kritik aus der Wirtschaft ist entsprechend deutlich. Die Politik habe die Chance gehabt, bestehende Investitionsdefizite zu beheben \u2013 stattdessen sei ein <strong>\u201eVerschiebebahnhof zulasten echter Investitionen\u201c<\/strong> entstanden.<\/p>\n\n\n\n<h2 class=\"wp-block-heading\"><strong>Ein Staat am Limit seiner Leistungsf\u00e4higkeit<\/strong><\/h2>\n\n\n\n<p>Die Entwicklung ist kein Zufall, sondern Ausdruck eines tieferliegenden Problems. Der deutsche Staat operiert l\u00e4ngst an der Grenze seiner finanziellen Tragf\u00e4higkeit.<\/p>\n\n\n\n<p>Ein wachsender Sozialstaat, steigende Transferleistungen und strukturelle Belastungen durch Demografie und Konjunkturschw\u00e4che f\u00fchren zu immer gr\u00f6\u00dferen Finanzierungsl\u00fccken.<\/p>\n\n\n\n<p>Statt diese Ursachen anzugehen, wird auf Kreditfinanzierung gesetzt. Politisch ist dieser Weg bequem \u2013 wirtschaftlich jedoch hochriskant.<\/p>\n\n\n\n<p>Die Realit\u00e4t: Der Staat ersetzt Reformen durch Schulden.<\/p>\n\n\n\n<h2 class=\"wp-block-heading\"><strong>Explodierende Defizite bis zum Ende des Jahrzehnts<\/strong><\/h2>\n\n\n\n<p>Die kommenden Jahre versch\u00e4rfen die Lage zus\u00e4tzlich. Bis <strong>2029<\/strong> wird ein Finanzierungsdefizit von mindestens <strong>170 Milliarden Euro<\/strong> erwartet.<\/p>\n\n\n\n<p>Hinzu kommen die Haushaltsl\u00fccken von L\u00e4ndern und Kommunen, die bereits zuletzt rund <strong>45 Milliarden Euro<\/strong> erreichten.<\/p>\n\n\n\n<p>Auch die Sozialversicherungen entwickeln sich zunehmend zum Risikofaktor. Steigende Arbeitslosigkeit und strukturelle Belastungen treiben die Defizite weiter nach oben.<\/p>\n\n\n\n<p>In der Gesamtbetrachtung entsteht ein System, das sich <strong>immer st\u00e4rker \u00fcber Schulden stabilisiert<\/strong>.<\/p>\n\n\n\n<h2 class=\"wp-block-heading\"><strong>Deutschland verliert seine fiskalische Stabilit\u00e4t<\/strong><\/h2>\n\n\n\n<p>Bereinigt um buchhalterische Effekte liegt die tats\u00e4chliche Neuverschuldung inzwischen bei etwa <strong>f\u00fcnf Prozent des Bruttoinlandsprodukts<\/strong>.<\/p>\n\n\n\n<p>Damit bewegt sich Deutschland auf einem Niveau, das lange als Warnsignal galt. Der Vergleich mit L\u00e4ndern wie Frankreich ist l\u00e4ngst Realit\u00e4t.<\/p>\n\n\n\n<p>Der einstige Stabilit\u00e4tsanker Europas entwickelt sich damit zu einem regul\u00e4ren Mitglied eines Schuldenblocks, in dem steigende Kreditaufnahme zum Standardinstrument geworden ist.<\/p>\n\n\n\n<h2 class=\"wp-block-heading\"><strong>Intransparente Konstruktion als politisches Werkzeug<\/strong><\/h2>\n\n\n\n<p>Ein besonders kritischer Punkt ist die Struktur des Sonderverm\u00f6gens selbst. Die Konstruktion gilt als komplex, verschachtelt und schwer nachvollziehbar.<\/p>\n\n\n\n<p>Genau diese Intransparenz erschwert eine klare Kontrolle der Mittelverwendung. F\u00fcr Kritiker ist das kein Zufall, sondern Teil des Systems.<\/p>\n\n\n\n<p>Je komplizierter die Finanzarchitektur, desto schwieriger wird es, politische Entscheidungen \u00f6ffentlich nachvollziehbar zu machen.<\/p>\n\n\n\n<p>Die Folge ist ein wachsender Abstand zwischen politischer Darstellung und tats\u00e4chlicher Haushaltsrealit\u00e4t.<\/p>\n\n\n\n<h2 class=\"wp-block-heading\"><strong>Steigende Belastung f\u00fcr B\u00fcrger und Wirtschaft<\/strong><\/h2>\n\n\n\n<p>Die Konsequenzen dieser Entwicklung sind bereits sichtbar.<\/p>\n\n\n\n<p>Steigende Schulden erh\u00f6hen den Druck auf zuk\u00fcnftige Steuerpolitik. Diskussionen \u00fcber <strong>Verm\u00f6genssteuer, h\u00f6here Erbschaftssteuern und steigende Abgaben<\/strong> gewinnen an Dynamik.<\/p>\n\n\n\n<p>Gleichzeitig wirkt die expansive Verschuldung inflationsf\u00f6rdernd. Die Kaufkraft der Bev\u00f6lkerung sinkt, w\u00e4hrend Unternehmen mit steigenden Kosten konfrontiert werden.<\/p>\n\n\n\n<p>Besonders betroffen ist die Mittelschicht, die die finanziellen Lasten zunehmend tr\u00e4gt.<\/p>\n\n\n\n<h2 class=\"wp-block-heading\"><strong>Stillstand bei zentralen Reformfeldern<\/strong><\/h2>\n\n\n\n<p>Parallel zur steigenden Verschuldung bleibt die notwendige Reformpolitik aus.<\/p>\n\n\n\n<p>Weder in der <strong>Energiepolitik<\/strong> noch in der <strong>Industriepolitik<\/strong> sind tiefgreifende Kurskorrekturen erkennbar. Stattdessen w\u00e4chst die Gefahr einer schleichenden Deindustrialisierung.<\/p>\n\n\n\n<p>Unternehmen sehen sich steigenden Kosten, regulatorischen Belastungen und unsicheren Rahmenbedingungen gegen\u00fcber. Investitionen wandern zunehmend ins Ausland ab.<\/p>\n\n\n\n<p>Das Sonderverm\u00f6gen, das bis <strong>2035 ein Volumen von bis zu 500 Milliarden Euro<\/strong> erreichen kann, h\u00e4tte genau hier ansetzen sollen. Stattdessen wird es zunehmend zur Finanzierung laufender Ausgaben genutzt.<\/p>\n\n\n\n<h2 class=\"wp-block-heading\"><strong>Vertrauensfrage der M\u00e4rkte r\u00fcckt n\u00e4her<\/strong><\/h2>\n\n\n\n<p>Kurzfristig bleibt die Finanzierung \u00fcber den Kapitalmarkt gesichert. Doch langfristig entscheidet das Vertrauen \u00fcber die Stabilit\u00e4t eines Staates.<\/p>\n\n\n\n<p>Investoren und Ratingagenturen beobachten die Entwicklung genau. Entscheidend ist nicht die H\u00f6he der Schulden allein, sondern deren Verwendung.<\/p>\n\n\n\n<p>Wenn Kredite nicht in produktive Investitionen flie\u00dfen, sondern strukturelle Defizite \u00fcberdecken, verliert das System an Glaubw\u00fcrdigkeit.<\/p>\n\n\n\n<p>Die aktuellen Zahlen legen nahe, dass genau dieser Punkt erreicht wird.<\/p>\n","protected":false},"excerpt":{"rendered":"<p>Versprechen von Wachstum \u2013 Realit\u00e4t der Zweckentfremdung Die politische Zusage war eindeutig: Neue Schulden sollten gezielt in Infrastruktur, Modernisierung und wirtschaftliches Wachstum flie\u00dfen. Doch die tats\u00e4chliche Mittelverwendung zeichnet ein deutlich h\u00e4rteres Bild. Nach Berechnungen des ifo-Instituts wurden im Jahr 2025 rund 24,3 Milliarden Euro im Rahmen des Sonderverm\u00f6gens aufgenommen \u2013 tats\u00e4chlich zus\u00e4tzlich investiert wurden jedoch [&hellip;]<\/p>\n","protected":false},"author":6,"featured_media":10455,"comment_status":"closed","ping_status":"closed","sticky":false,"template":"","format":"standard","meta":{"footnotes":""},"categories":[304,269],"tags":[2858,1635,1877,3027,830,1634,2492,2327,1759,2883],"class_list":["post-10454","post","type-post","status-publish","format-standard","has-post-thumbnail","hentry","category-deutschland","category-wirtschaft","tag-clemens-fuest","tag-friedrich-merz","tag-haushalt","tag-ifo-institut","tag-inflation","tag-investitionen","tag-schuldenpolitik","tag-sondervermoegen","tag-sozialstaat","tag-staatsverschuldung"],"_links":{"self":[{"href":"https:\/\/aktiengurus.com\/index.php?rest_route=\/wp\/v2\/posts\/10454"}],"collection":[{"href":"https:\/\/aktiengurus.com\/index.php?rest_route=\/wp\/v2\/posts"}],"about":[{"href":"https:\/\/aktiengurus.com\/index.php?rest_route=\/wp\/v2\/types\/post"}],"author":[{"embeddable":true,"href":"https:\/\/aktiengurus.com\/index.php?rest_route=\/wp\/v2\/users\/6"}],"replies":[{"embeddable":true,"href":"https:\/\/aktiengurus.com\/index.php?rest_route=%2Fwp%2Fv2%2Fcomments&post=10454"}],"version-history":[{"count":1,"href":"https:\/\/aktiengurus.com\/index.php?rest_route=\/wp\/v2\/posts\/10454\/revisions"}],"predecessor-version":[{"id":10456,"href":"https:\/\/aktiengurus.com\/index.php?rest_route=\/wp\/v2\/posts\/10454\/revisions\/10456"}],"wp:featuredmedia":[{"embeddable":true,"href":"https:\/\/aktiengurus.com\/index.php?rest_route=\/wp\/v2\/media\/10455"}],"wp:attachment":[{"href":"https:\/\/aktiengurus.com\/index.php?rest_route=%2Fwp%2Fv2%2Fmedia&parent=10454"}],"wp:term":[{"taxonomy":"category","embeddable":true,"href":"https:\/\/aktiengurus.com\/index.php?rest_route=%2Fwp%2Fv2%2Fcategories&post=10454"},{"taxonomy":"post_tag","embeddable":true,"href":"https:\/\/aktiengurus.com\/index.php?rest_route=%2Fwp%2Fv2%2Ftags&post=10454"}],"curies":[{"name":"wp","href":"https:\/\/api.w.org\/{rel}","templated":true}]}}