{"id":10450,"date":"2026-03-18T10:27:05","date_gmt":"2026-03-18T14:27:05","guid":{"rendered":"https:\/\/aktiengurus.com\/?p=10450"},"modified":"2026-03-18T10:27:06","modified_gmt":"2026-03-18T14:27:06","slug":"trump-attackiert-nato-bruchlinien-werden-sichtbar","status":"publish","type":"post","link":"https:\/\/aktiengurus.com\/?p=10450","title":{"rendered":"Trump attackiert NATO: Bruchlinien werden sichtbar"},"content":{"rendered":"\n<h2 class=\"wp-block-heading\"><strong>Offene Kritik aus Washington eskaliert<\/strong><\/h2>\n\n\n\n<p>Die Spannungen innerhalb der NATO treten offen zutage. US-Pr\u00e4sident <strong>Donald Trump<\/strong> hat die europ\u00e4ischen Verb\u00fcndeten ungew\u00f6hnlich scharf angegriffen, nachdem diese eine Beteiligung an der Sicherung der <strong>Stra\u00dfe von Hormus<\/strong> abgelehnt hatten.<\/p>\n\n\n\n<p>Mit drastischen Worten erkl\u00e4rte Trump:<br><strong>\u201eIch denke, die NATO macht einen sehr dummen Fehler.\u201c<\/strong><\/p>\n\n\n\n<p>Ausl\u00f6ser der Kritik war die Weigerung mehrerer europ\u00e4ischer Staaten, darunter <strong>Deutschland<\/strong> und <strong>Gro\u00dfbritannien<\/strong>, sich milit\u00e4risch an einer Absicherung der wichtigen Handelsroute zu beteiligen.<\/p>\n\n\n\n<p>Trump hatte zuvor gefordert, die Verb\u00fcndeten m\u00fcssten gemeinsam Verantwortung \u00fcbernehmen, insbesondere beim Schutz von \u00d6ltankern gegen Angriffe in der Region. Die ablehnende Haltung aus Europa wertet er als strategisches Versagen \u2013 mit m\u00f6glichen Konsequenzen f\u00fcr das B\u00fcndnis.<\/p>\n\n\n\n<h2 class=\"wp-block-heading\"><strong>Hormus als geopolitischer Brennpunkt<\/strong><\/h2>\n\n\n\n<p>Die <strong>Stra\u00dfe von Hormus<\/strong> geh\u00f6rt zu den zentralen Engp\u00e4ssen der globalen Energieversorgung. Ein erheblicher Anteil des weltweiten \u00d6ltransports passiert diese Route. Jede Eskalation in der Region hat unmittelbare Auswirkungen auf <strong>Energiepreise, Handelsstr\u00f6me und wirtschaftliche Stabilit\u00e4t<\/strong>.<\/p>\n\n\n\n<p>Vor diesem Hintergrund forderte Trump Unterst\u00fctzung der NATO-Partner. Die USA sehen sich zunehmend als Hauptlasttr\u00e4ger milit\u00e4rischer Sicherungsma\u00dfnahmen \u2013 eine Rolle, die in Washington immer kritischer hinterfragt wird.<\/p>\n\n\n\n<p>Die Reaktion Europas fiel jedoch eindeutig aus: <strong>Ablehnung auf ganzer Linie<\/strong>. F\u00fcr Trump ist das ein Signal mangelnder B\u00fcndnissolidarit\u00e4t.<\/p>\n\n\n\n<h2 class=\"wp-block-heading\"><strong>Trump kritisiert Deutschland explizit<\/strong><\/h2>\n\n\n\n<p>Besonders deutlich wurde der US-Pr\u00e4sident in seiner Bewertung der deutschen Position. Er verwies darauf, dass Berlin sich nicht am Konflikt beteiligen wolle, gleichzeitig aber die milit\u00e4rischen Ma\u00dfnahmen der USA und Israels politisch unterst\u00fctze.<\/p>\n\n\n\n<p>Trump formulierte seinen Vorwurf klar:<br><strong>\u201eWir haben bei der Ukraine geholfen, aber sie helfen nicht beim Iran.\u201c<\/strong><\/p>\n\n\n\n<p>Und weiter:<br><strong>\u201eWir m\u00fcssen uns das merken, weil wir das ziemlich schockierend finden.\u201c<\/strong><\/p>\n\n\n\n<p>Diese Aussagen markieren eine neue Qualit\u00e4t der Kritik. Es geht nicht mehr nur um unterschiedliche Einsch\u00e4tzungen, sondern um die grunds\u00e4tzliche Verl\u00e4sslichkeit innerhalb der Allianz.<\/p>\n\n\n\n<h2 class=\"wp-block-heading\"><strong>Merz geht auf Distanz zu Washington<\/strong><\/h2>\n\n\n\n<p>Bundeskanzler <strong>Friedrich Merz<\/strong> verteidigte die deutsche Haltung in einer Regierungserkl\u00e4rung im Bundestag.<\/p>\n\n\n\n<p>Seine Position ist eindeutig:<br><strong>\u201eWir beteiligen uns nicht an diesem Krieg, das haben wir vom ersten Tag an gesagt.\u201c<\/strong><\/p>\n\n\n\n<p>Zugleich kritisierte er die Vorgehensweise der USA:<br><strong>\u201eWashington hat uns nicht zu Rate gezogen.\u201c<\/strong><\/p>\n\n\n\n<p>Und weiter:<br><strong>\u201eWir h\u00e4tten abgeraten, diesen Weg so zu gehen.\u201c<\/strong><\/p>\n\n\n\n<p>Damit versucht die Bundesregierung, einen Mittelweg zu gehen: politische Unterst\u00fctzung der strategischen Ziele, aber klare Ablehnung milit\u00e4rischer Beteiligung.<\/p>\n\n\n\n<figure class=\"wp-block-image size-full\"><img fetchpriority=\"high\" decoding=\"async\" width=\"1000\" height=\"666\" src=\"https:\/\/aktiengurus.com\/wp-content\/uploads\/2026\/03\/image-1.jpeg\" alt=\"\" class=\"wp-image-10452\" srcset=\"https:\/\/aktiengurus.com\/wp-content\/uploads\/2026\/03\/image-1.jpeg 1000w, https:\/\/aktiengurus.com\/wp-content\/uploads\/2026\/03\/image-1-300x200.jpeg 300w, https:\/\/aktiengurus.com\/wp-content\/uploads\/2026\/03\/image-1-768x511.jpeg 768w, https:\/\/aktiengurus.com\/wp-content\/uploads\/2026\/03\/image-1-555x370.jpeg 555w\" sizes=\"(max-width: 1000px) 100vw, 1000px\" \/><\/figure>\n\n\n\n<h2 class=\"wp-block-heading\"><strong>Widerspr\u00fcche in der deutschen Argumentation<\/strong><\/h2>\n\n\n\n<p>Genau diese Doppelstrategie wird international kritisch gesehen. Einerseits betont Deutschland die Notwendigkeit, das iranische Regime einzud\u00e4mmen. Andererseits verweigert es konkrete Beitr\u00e4ge zur Sicherung zentraler Handelsrouten.<\/p>\n\n\n\n<p>Trump machte diesen Widerspruch indirekt deutlich, als er darauf hinwies, dass Deutschland milit\u00e4rische Ma\u00dfnahmen begr\u00fc\u00dfe, ohne selbst Verantwortung zu \u00fcbernehmen.<\/p>\n\n\n\n<p>Auch Gro\u00dfbritannien geriet ins Visier der Kritik. Trump \u00e4u\u00dferte sich entt\u00e4uscht \u00fcber Premierminister <strong>Keir Starmer<\/strong>:<br><strong>\u201eIch bin entt\u00e4uscht \u2013 ich mag ihn, aber ich bin entt\u00e4uscht.\u201c<\/strong><\/p>\n\n\n\n<h2 class=\"wp-block-heading\"><strong>Belastungsprobe f\u00fcr die NATO<\/strong><\/h2>\n\n\n\n<p>Die aktuelle Situation entwickelt sich zu einer ernsthaften Belastungsprobe f\u00fcr die transatlantische Partnerschaft. Trump machte deutlich, dass mangelnde Unterst\u00fctzung Folgen haben k\u00f6nnte:<\/p>\n\n\n\n<p>Ein Ausbleiben europ\u00e4ischer Hilfe w\u00e4re <strong>\u201esehr schlecht f\u00fcr die Zukunft der Allianz\u201c<\/strong>.<\/p>\n\n\n\n<p>Diese Aussage ist mehr als eine kurzfristige Drohung. Sie stellt die Frage nach der gegenseitigen Verl\u00e4sslichkeit innerhalb der NATO neu. Wenn zentrale sicherheitspolitische Anliegen nicht gemeinsam getragen werden, ger\u00e4t die Grundlage des B\u00fcndnisses unter Druck.<\/p>\n\n\n\n<h2 class=\"wp-block-heading\"><strong>Europa zwischen Anspruch und Realit\u00e4t<\/strong><\/h2>\n\n\n\n<p>Gleichzeitig zeigt sich ein strukturelles Problem der europ\u00e4ischen Sicherheitspolitik. Europa fordert regelm\u00e4\u00dfig mehr Einfluss und strategische Autonomie, bleibt jedoch bei konkreten milit\u00e4rischen Eins\u00e4tzen zur\u00fcckhaltend.<\/p>\n\n\n\n<p>Merz selbst betonte zwar die Bedeutung eines starken Europas:<br><strong>\u201eWir wollen uns nicht l\u00e4nger unter Wert verkaufen.\u201c<\/strong><\/p>\n\n\n\n<p>Doch genau diese Ambition steht im Spannungsfeld zur aktuellen Entscheidung, sich nicht an der Sicherung einer der wichtigsten globalen Handelsrouten zu beteiligen.<\/p>\n\n\n\n<h2 class=\"wp-block-heading\"><strong>Geopolitische Spannungen nehmen zu<\/strong><\/h2>\n\n\n\n<p>Die Krise im Nahen Osten wirkt sich nicht nur regional aus, sondern versch\u00e4rft bestehende globale Konfliktlinien. Die Beziehungen zwischen den USA und Europa geraten unter Druck, w\u00e4hrend gleichzeitig andere geopolitische Herausforderungen bestehen bleiben \u2013 etwa der Krieg in der <strong>Ukraine<\/strong>.<\/p>\n\n\n\n<p>Merz machte deutlich, dass Deutschland weiterhin auf die transatlantische Partnerschaft setzt:<br><strong>\u201eDie transatlantische Partnerschaft wollen wir, und wir brauchen sie.\u201c<\/strong><\/p>\n\n\n\n<p>Gleichzeitig forderte er mehr Eigenst\u00e4ndigkeit Europas und st\u00e4rkere wirtschaftliche Handlungsf\u00e4higkeit, etwa durch <strong>B\u00fcrokratieabbau<\/strong> und bessere Rahmenbedingungen f\u00fcr Innovation.<\/p>\n\n\n\n<h2 class=\"wp-block-heading\"><strong>Ein B\u00fcndnis unter wachsendem Druck<\/strong><\/h2>\n\n\n\n<p>Die aktuelle Auseinandersetzung zeigt, wie unterschiedlich die strategischen Priorit\u00e4ten innerhalb der NATO geworden sind. W\u00e4hrend die USA auf aktive Beteiligung dr\u00e4ngen, setzen europ\u00e4ische Staaten st\u00e4rker auf diplomatische L\u00f6sungen und Zur\u00fcckhaltung.<\/p>\n\n\n\n<p>Diese Divergenz k\u00f6nnte langfristige Folgen haben. Denn die Frage, wer in kritischen Situationen Verantwortung \u00fcbernimmt, wird zunehmend zum Ma\u00dfstab f\u00fcr die Stabilit\u00e4t des B\u00fcndnisses.<\/p>\n\n\n\n<p>Die Ereignisse rund um die Stra\u00dfe von Hormus markieren damit nicht nur eine regionale Krise, sondern einen m\u00f6glichen Wendepunkt in den transatlantischen Beziehungen.<\/p>\n","protected":false},"excerpt":{"rendered":"<p>Offene Kritik aus Washington eskaliert Die Spannungen innerhalb der NATO treten offen zutage. US-Pr\u00e4sident Donald Trump hat die europ\u00e4ischen Verb\u00fcndeten ungew\u00f6hnlich scharf angegriffen, nachdem diese eine Beteiligung an der Sicherung der Stra\u00dfe von Hormus abgelehnt hatten. Mit drastischen Worten erkl\u00e4rte Trump:\u201eIch denke, die NATO macht einen sehr dummen Fehler.\u201c Ausl\u00f6ser der Kritik war die Weigerung [&hellip;]<\/p>\n","protected":false},"author":2,"featured_media":10451,"comment_status":"closed","ping_status":"closed","sticky":false,"template":"","format":"standard","meta":{"footnotes":""},"categories":[306,348],"tags":[314,1635,4112,1770,2212,3300,1621,4660,565,346],"class_list":["post-10450","post","type-post","status-publish","format-standard","has-post-thumbnail","hentry","category-international","category-politik","tag-deutschland","tag-friedrich-merz","tag-geopolitik","tag-grossbritannien","tag-iran","tag-keir-starmer","tag-nato","tag-strasse-von-hormus","tag-trump","tag-usa"],"_links":{"self":[{"href":"https:\/\/aktiengurus.com\/index.php?rest_route=\/wp\/v2\/posts\/10450"}],"collection":[{"href":"https:\/\/aktiengurus.com\/index.php?rest_route=\/wp\/v2\/posts"}],"about":[{"href":"https:\/\/aktiengurus.com\/index.php?rest_route=\/wp\/v2\/types\/post"}],"author":[{"embeddable":true,"href":"https:\/\/aktiengurus.com\/index.php?rest_route=\/wp\/v2\/users\/2"}],"replies":[{"embeddable":true,"href":"https:\/\/aktiengurus.com\/index.php?rest_route=%2Fwp%2Fv2%2Fcomments&post=10450"}],"version-history":[{"count":1,"href":"https:\/\/aktiengurus.com\/index.php?rest_route=\/wp\/v2\/posts\/10450\/revisions"}],"predecessor-version":[{"id":10453,"href":"https:\/\/aktiengurus.com\/index.php?rest_route=\/wp\/v2\/posts\/10450\/revisions\/10453"}],"wp:featuredmedia":[{"embeddable":true,"href":"https:\/\/aktiengurus.com\/index.php?rest_route=\/wp\/v2\/media\/10451"}],"wp:attachment":[{"href":"https:\/\/aktiengurus.com\/index.php?rest_route=%2Fwp%2Fv2%2Fmedia&parent=10450"}],"wp:term":[{"taxonomy":"category","embeddable":true,"href":"https:\/\/aktiengurus.com\/index.php?rest_route=%2Fwp%2Fv2%2Fcategories&post=10450"},{"taxonomy":"post_tag","embeddable":true,"href":"https:\/\/aktiengurus.com\/index.php?rest_route=%2Fwp%2Fv2%2Ftags&post=10450"}],"curies":[{"name":"wp","href":"https:\/\/api.w.org\/{rel}","templated":true}]}}