{"id":10440,"date":"2026-03-17T08:58:24","date_gmt":"2026-03-17T12:58:24","guid":{"rendered":"https:\/\/aktiengurus.com\/?p=10440"},"modified":"2026-03-17T08:58:25","modified_gmt":"2026-03-17T12:58:25","slug":"95-prozent-zweckentfremdet-schuldenfonds-in-der-kritik","status":"publish","type":"post","link":"https:\/\/aktiengurus.com\/?p=10440","title":{"rendered":"95 Prozent zweckentfremdet: Schuldenfonds in der Kritik"},"content":{"rendered":"\n<h2 class=\"wp-block-heading\"><strong>Gro\u00dfes Schuldenprogramm, geringe Investitionswirkung<\/strong><\/h2>\n\n\n\n<p>Das sogenannte <strong>\u201eSonderverm\u00f6gen f\u00fcr Klimaneutralit\u00e4t und Infrastruktur\u201c (SVIK)<\/strong> steht zunehmend im Zentrum wirtschaftspolitischer Kritik. Urspr\u00fcnglich sollte das milliardenschwere Programm gezielt <strong>Investitionen in Infrastruktur und Klimaschutz<\/strong> finanzieren. Doch aktuelle Analysen zeichnen ein deutlich anderes Bild.<\/p>\n\n\n\n<p>Nach Berechnungen des <strong>Ifo-Instituts<\/strong> wurden im Jahr <strong>2025<\/strong> Kredite in H\u00f6he von <strong>24,3 Milliarden Euro<\/strong> aufgenommen. Von dieser Summe seien jedoch rund <strong>95 Prozent nicht in zus\u00e4tzliche Investitionen geflossen<\/strong>. Stattdessen wurden die Mittel \u00fcberwiegend f\u00fcr andere Zwecke verwendet.<\/p>\n\n\n\n<p>Auch das <strong>Institut der deutschen Wirtschaft (IW)<\/strong> kommt zu \u00e4hnlichen Ergebnissen, wenn auch mit leicht abweichenden Zahlen. Dort ist von einer Zweckentfremdung von rund <strong>86 Prozent<\/strong> die Rede. Beide Institute kommen jedoch \u00fcbereinstimmend zu dem Schluss, dass ein Gro\u00dfteil der Schulden nicht die urspr\u00fcnglich vorgesehenen Investitionsziele erf\u00fcllt.<\/p>\n\n\n\n<h2 class=\"wp-block-heading\"><strong>Kritik aus der Wissenschaft wird deutlicher<\/strong><\/h2>\n\n\n\n<p>Die Kritik aus der \u00d6konomie f\u00e4llt entsprechend deutlich aus. <strong>Ifo-Pr\u00e4sident Clemens Fuest<\/strong> erkl\u00e4rte:<br><strong>\u201eWir haben festgestellt, dass die Politik die schuldenfinanzierten Mittel nahezu vollst\u00e4ndig f\u00fcr andere Zwecke, also zum Stopfen von Haushaltsl\u00f6chern, genutzt hat.\u201c<\/strong><\/p>\n\n\n\n<p>Er bezeichnete diese Entwicklung ausdr\u00fccklich als <strong>\u201egro\u00dfes Problem\u201c<\/strong>.<\/p>\n\n\n\n<p>Auch aus anderen wirtschaftswissenschaftlichen Kreisen wird der Umgang mit dem Sonderverm\u00f6gen kritisch bewertet. <strong>Tobias Hentze<\/strong> vom IW stellte fest:<br><strong>\u201eUnion und SPD hatten die Chance, den Investitionsstau aufzul\u00f6sen. Sie haben sie bislang nicht genutzt.\u201c<\/strong><\/p>\n\n\n\n<p>Damit wird deutlich, dass die Kritik nicht nur die Mittelverwendung betrifft, sondern auch die verpasste Gelegenheit, strukturelle Schw\u00e4chen der Infrastruktur gezielt anzugehen.<\/p>\n\n\n\n<h2 class=\"wp-block-heading\"><strong>Kaum mehr Investitionen trotz Milliardenkrediten<\/strong><\/h2>\n\n\n\n<p>Besonders auff\u00e4llig ist die Diskrepanz zwischen Schuldenaufnahme und tats\u00e4chlichen Investitionen. W\u00e4hrend der Bund <strong>24,3 Milliarden Euro<\/strong> neue Kredite \u00fcber das Sonderverm\u00f6gen aufnahm, stiegen die staatlichen Investitionen nur minimal.<\/p>\n\n\n\n<p>Laut den Berechnungen beliefen sich die <strong>Investitionen im Jahr 2024 auf 68,6 Milliarden Euro<\/strong>, w\u00e4hrend sie <strong>2025 lediglich auf 69,9 Milliarden Euro<\/strong> anstiegen. Das entspricht einem Plus von nur <strong>1,3 Milliarden Euro<\/strong>.<\/p>\n\n\n\n<p>Rechnerisch ergibt sich daraus eine Differenz von rund <strong>23 Milliarden Euro<\/strong>, die nicht in zus\u00e4tzliche Investitionen geflossen sind. Diese L\u00fccke steht im Mittelpunkt der aktuellen Kritik.<\/p>\n\n\n\n<h2 class=\"wp-block-heading\"><strong>Verschiebungen im Haushalt als zentrale Ursache<\/strong><\/h2>\n\n\n\n<p>Als Hauptgrund f\u00fcr diese Entwicklung identifizieren die \u00d6konomen strukturelle Verschiebungen innerhalb des Bundeshaushalts. Statt zus\u00e4tzliche Investitionen zu finanzieren, wurden bestehende Ausgaben umgelagert.<\/p>\n\n\n\n<p>Die Studienautorin <strong>Emilie H\u00f6slinger<\/strong> erkl\u00e4rte:<br><strong>\u201eEs kam zu Verschiebungen einzelner Posten vom Kernhaushalt in das kreditfinanzierte Sonderverm\u00f6gen.\u201c<\/strong><\/p>\n\n\n\n<p>Konkret betrifft dies unter anderem <strong>Zusch\u00fcsse im Verkehrsbereich<\/strong>, die aus dem regul\u00e4ren Haushalt in das Sonderverm\u00f6gen verlagert wurden. Dadurch sank das Investitionsniveau im Kernhaushalt, w\u00e4hrend die neuen Schulden formal als Investitionen ausgewiesen wurden.<\/p>\n\n\n\n<p>Dieser Mechanismus wird von Kritikern als <strong>\u201eVerschiebebahnhof\u201c<\/strong> bezeichnet, da er die tats\u00e4chliche Investitionsleistung verzerrt.<\/p>\n\n\n\n<h2 class=\"wp-block-heading\"><strong>Transparenzprobleme durch komplexe Struktur<\/strong><\/h2>\n\n\n\n<p>Neben der Mittelverwendung wird auch die Konstruktion des Sonderverm\u00f6gens selbst kritisiert. Laut den Studienautoren erschwert die Struktur des Programms eine klare Nachvollziehbarkeit.<\/p>\n\n\n\n<p>Die Analyse hebt hervor, dass die komplexe Gestaltung die <strong>\u201eNachvollziehbarkeit der Mittelverwendung und die Untersuchung der Zweckm\u00e4\u00dfigkeit erschwert\u201c<\/strong>.<\/p>\n\n\n\n<p>Die Grundlage der Untersuchung bilden offizielle Datenquellen wie <strong>Haushaltspl\u00e4ne<\/strong>, <strong>Monatsberichte des Bundesfinanzministeriums<\/strong> sowie <strong>Kassenberichte des Statistischen Bundesamts<\/strong>.<\/p>\n\n\n\n<p>Trotz dieser umfangreichen Datengrundlage bleibt es schwierig, die tats\u00e4chlichen Wirkungen der eingesetzten Mittel pr\u00e4zise zu bewerten.<\/p>\n\n\n\n<h2 class=\"wp-block-heading\"><strong>Politische Kritik nimmt weiter zu<\/strong><\/h2>\n\n\n\n<p>Auch aus der Politik w\u00e4chst der Druck auf die Bundesregierung. Bereits bei der Verabschiedung des insgesamt <strong>500 Milliarden Euro schweren Schuldenpakets<\/strong> gab es Warnungen vor m\u00f6glichen Fehlentwicklungen.<\/p>\n\n\n\n<p>Der Pr\u00e4sident des Bundes der Steuerzahler, <strong>Reiner Holznagel<\/strong>, mahnte:<br><strong>\u201eWer 500 Milliarden Euro Schulden aufnimmt, muss den Steuerzahlern l\u00fcckenlos nachweisen, was dieser Einsatz bringt.\u201c<\/strong><\/p>\n\n\n\n<p>Innerhalb der Union wurde ebenfalls fr\u00fch vor m\u00f6glichen Fehlanreizen gewarnt. <strong>Christoph Plo\u00df<\/strong> betonte:<br><strong>\u201eEinen Verschiebebahnhof zulasten von Investitionen darf es nicht geben!\u201c<\/strong><\/p>\n\n\n\n<p>Die aktuellen Zahlen scheinen diese Bef\u00fcrchtungen nun zu best\u00e4tigen.<\/p>\n\n\n\n<h2 class=\"wp-block-heading\"><strong>Forderungen nach st\u00e4rkerer Kontrolle<\/strong><\/h2>\n\n\n\n<p>Angesichts der Entwicklung werden zunehmend Forderungen nach einer strengeren parlamentarischen Kontrolle laut. <strong>Johannes Winkel<\/strong>, Vorsitzender der Jungen Union, erkl\u00e4rte:<br><strong>\u201eWas mit den 500 Milliarden Euro in der Realit\u00e4t passiert, ist ein schlechter Scherz.\u201c<\/strong><\/p>\n\n\n\n<p>Er fordert, den zust\u00e4ndigen Finanzminister st\u00e4rker in die Verantwortung zu nehmen und die Verwendung der Mittel genauer zu \u00fcberwachen.<\/p>\n\n\n\n<p>Dar\u00fcber hinaus warnte Winkel vor langfristigen Risiken f\u00fcr die Staatsfinanzen und zog einen internationalen Vergleich:<br><strong>\u201eDie Entwicklung erinnert fatal an die Fehler Frankreichs in den 2010er-Jahren.\u201c<\/strong><\/p>\n\n\n\n<p>Damit wird die Diskussion um das Sonderverm\u00f6gen nicht nur als kurzfristiges Haushaltsproblem gesehen, sondern als m\u00f6gliche strukturelle Herausforderung f\u00fcr die finanzielle Stabilit\u00e4t Deutschlands.<\/p>\n","protected":false},"excerpt":{"rendered":"<p>Gro\u00dfes Schuldenprogramm, geringe Investitionswirkung Das sogenannte \u201eSonderverm\u00f6gen f\u00fcr Klimaneutralit\u00e4t und Infrastruktur\u201c (SVIK) steht zunehmend im Zentrum wirtschaftspolitischer Kritik. Urspr\u00fcnglich sollte das milliardenschwere Programm gezielt Investitionen in Infrastruktur und Klimaschutz finanzieren. Doch aktuelle Analysen zeichnen ein deutlich anderes Bild. Nach Berechnungen des Ifo-Instituts wurden im Jahr 2025 Kredite in H\u00f6he von 24,3 Milliarden Euro aufgenommen. Von [&hellip;]<\/p>\n","protected":false},"author":2,"featured_media":10441,"comment_status":"closed","ping_status":"closed","sticky":false,"template":"","format":"standard","meta":{"footnotes":""},"categories":[313,348],"tags":[314,1877,4717,1445,1634,1880,336,423,1384,339,700,319,2327,4310,4718],"class_list":["post-10440","post","type-post","status-publish","format-standard","has-post-thumbnail","hentry","category-finanzen","category-politik","tag-deutschland","tag-haushalt","tag-ifo","tag-infrastruktur","tag-investitionen","tag-klingbeil","tag-kommentar","tag-krise","tag-merz","tag-politik","tag-schulden","tag-skandal","tag-sondervermoegen","tag-staatsfinanzen","tag-verschiebebahnhof"],"_links":{"self":[{"href":"https:\/\/aktiengurus.com\/index.php?rest_route=\/wp\/v2\/posts\/10440"}],"collection":[{"href":"https:\/\/aktiengurus.com\/index.php?rest_route=\/wp\/v2\/posts"}],"about":[{"href":"https:\/\/aktiengurus.com\/index.php?rest_route=\/wp\/v2\/types\/post"}],"author":[{"embeddable":true,"href":"https:\/\/aktiengurus.com\/index.php?rest_route=\/wp\/v2\/users\/2"}],"replies":[{"embeddable":true,"href":"https:\/\/aktiengurus.com\/index.php?rest_route=%2Fwp%2Fv2%2Fcomments&post=10440"}],"version-history":[{"count":1,"href":"https:\/\/aktiengurus.com\/index.php?rest_route=\/wp\/v2\/posts\/10440\/revisions"}],"predecessor-version":[{"id":10442,"href":"https:\/\/aktiengurus.com\/index.php?rest_route=\/wp\/v2\/posts\/10440\/revisions\/10442"}],"wp:featuredmedia":[{"embeddable":true,"href":"https:\/\/aktiengurus.com\/index.php?rest_route=\/wp\/v2\/media\/10441"}],"wp:attachment":[{"href":"https:\/\/aktiengurus.com\/index.php?rest_route=%2Fwp%2Fv2%2Fmedia&parent=10440"}],"wp:term":[{"taxonomy":"category","embeddable":true,"href":"https:\/\/aktiengurus.com\/index.php?rest_route=%2Fwp%2Fv2%2Fcategories&post=10440"},{"taxonomy":"post_tag","embeddable":true,"href":"https:\/\/aktiengurus.com\/index.php?rest_route=%2Fwp%2Fv2%2Ftags&post=10440"}],"curies":[{"name":"wp","href":"https:\/\/api.w.org\/{rel}","templated":true}]}}